{"id":2632,"date":"2025-09-30T15:28:55","date_gmt":"2025-09-30T13:28:55","guid":{"rendered":"https:\/\/knapp-service.de\/?p=2632"},"modified":"2025-09-30T15:33:11","modified_gmt":"2025-09-30T13:33:11","slug":"knapp-auf-der-ruenet-2025-2-2","status":"publish","type":"post","link":"https:\/\/knapp-service.de\/en\/knapp-auf-der-ruenet-2025-2-2\/","title":{"rendered":"R\u00fcckblick: Die ersten Velberter Sicherheitsgespr\u00e4che"},"content":{"rendered":"<p data-start=\"156\" data-end=\"473\">Velbert ist nicht Koblenz, Nordrhein-Westfalen nicht Rheinland-Pfalz \u2013 und doch stehen beide Regionen vor denselben Herausforderungen, wenn es um Fragen der Sicherheit und Verteidigung geht. Umso wertvoller war der Austausch, den die <strong data-start=\"390\" data-end=\"431\">ersten Velberter Sicherheitsgespr\u00e4che<\/strong> am 24. September 2025 erm\u00f6glicht haben.<\/p>\n<p data-start=\"475\" data-end=\"787\">Unser Gesch\u00e4ftsf\u00fchrer <strong data-start=\"497\" data-end=\"519\">Oliver Mittelsdorf<\/strong> machte sich auf den Weg nach Velbert, um gemeinsam mit <strong data-start=\"575\" data-end=\"604\">G\u00f6tz Witzel (WIMCOM GmbH)<\/strong>, Vertretern der Velberter Wirtschaft, dem <strong data-start=\"647\" data-end=\"685\">Landeskommando Nordrhein-Westfalen<\/strong> sowie der <strong data-start=\"696\" data-end=\"728\">Wirtschaftsf\u00f6rderung Velbert<\/strong> \u00fcber Chancen und Risiken der aktuellen Lage zu sprechen.<\/p>\n<p data-start=\"789\" data-end=\"1064\">Nach spannenden Fachvortr\u00e4gen \u2013 unter anderem zum <strong data-start=\"839\" data-end=\"861\">OpPlan Deutschland<\/strong> und den <strong data-start=\"870\" data-end=\"916\">Aktivit\u00e4ten des Landesclusters Defence NRW<\/strong> durch <strong data-start=\"923\" data-end=\"945\">Dr. Stephan Recher<\/strong> \u2013 stand eine zentrale Frage im Raum:<\/p>\n<p data-start=\"789\" data-end=\"1064\"><strong>\ud83d\udc49 <em data-start=\"988\" data-end=\"1062\">Wie wird man Zulieferer f\u00fcr die Sicherheits- und Verteidigungsindustrie?<\/em><\/strong><\/p>\n<p data-start=\"1066\" data-end=\"1205\">Die anschlie\u00dfende Diskussion war lebhaft, ernsthaft und von klaren Zielen gepr\u00e4gt. Sie zeigte: <strong data-start=\"1161\" data-end=\"1203\">Das Thema Sicherheit geht uns alle an.<\/strong><\/p>\n<p data-start=\"1207\" data-end=\"1558\">Velbert ist wie kaum eine andere Stadt mit diesem Thema verbunden \u2013 Schl\u00f6sser, Beschl\u00e4ge und Metallverarbeitung pr\u00e4gen die Region seit Jahrzehnten. Die Veranstaltung hat eindrucksvoll bewiesen, dass die heimische Wirtschaft bereit ist, Verantwortung zu \u00fcbernehmen: sei es zum Schutz der Bev\u00f6lkerung, der kritischen Infrastruktur oder der Bundeswehr.<\/p>\n<p data-start=\"1560\" data-end=\"1845\">Ein gro\u00dfes Dankesch\u00f6n gilt allen Beteiligten, insbesondere <strong data-start=\"1619\" data-end=\"1646\">Dr. Nikolaus Paffenholz<\/strong>, <strong data-start=\"1648\" data-end=\"1665\">Nick Bischoff<\/strong>, der <strong data-start=\"1671\" data-end=\"1689\">IHK D\u00fcsseldorf<\/strong>, der <strong data-start=\"1695\" data-end=\"1757\">Stadt Heiligenhaus Wirtschaftsf\u00f6rderung und Stadtmarketing<\/strong>, <strong data-start=\"1759\" data-end=\"1787\">Die Schl\u00fcsselregion e.V.<\/strong>, sowie nat\u00fcrlich den zahlreichen interessierten G\u00e4sten.<\/p>\n<p data-start=\"1847\" data-end=\"2137\"><strong data-start=\"1847\" data-end=\"1857\">Fazit:<\/strong><br data-start=\"1857\" data-end=\"1860\" \/>Die Velberter Sicherheitsgespr\u00e4che waren ein voller Erfolg. Sie haben gezeigt, dass gemeinsames Handeln \u00fcberregional und branchen\u00fcbergreifend m\u00f6glich ist \u2013 und dass es in Velbert eine starke Bereitschaft gibt, die Sicherheits- und Verteidigungsindustrie aktiv mitzugestalten.<\/p>\n<p data-start=\"2139\" data-end=\"2188\">Wir freuen uns schon auf die n\u00e4chsten Schritte!<\/p>","protected":false},"excerpt":{"rendered":"<p>Velbert ist nicht Koblenz, Nordrhein-Westfalen nicht Rheinland-Pfalz \u2013 und doch stehen beide Regionen vor denselben Herausforderungen, wenn es um Fragen der Sicherheit und Verteidigung geht. Umso wertvoller war der Austausch, den die ersten Velberter Sicherheitsgespr\u00e4che am 24. September 2025 erm\u00f6glicht haben. Unser Gesch\u00e4ftsf\u00fchrer Oliver Mittelsdorf machte sich auf den Weg nach Velbert, um gemeinsam mit G\u00f6tz Witzel (WIMCOM GmbH), Vertretern&hellip;<\/p>","protected":false},"author":1,"featured_media":2633,"comment_status":"open","ping_status":"open","sticky":false,"template":"","format":"standard","meta":{"_jetpack_memberships_contains_paid_content":false,"footnotes":""},"categories":[1],"tags":[],"class_list":["post-2632","post","type-post","status-publish","format-standard","has-post-thumbnail","hentry","category-allgemein"],"aioseo_notices":[],"jetpack_featured_media_url":"https:\/\/i0.wp.com\/knapp-service.de\/wp-content\/uploads\/2025\/09\/1759129591537.jpg?fit=2048%2C1294&ssl=1","jetpack_sharing_enabled":true,"_links":{"self":[{"href":"https:\/\/knapp-service.de\/en\/wp-json\/wp\/v2\/posts\/2632","targetHints":{"allow":["GET"]}}],"collection":[{"href":"https:\/\/knapp-service.de\/en\/wp-json\/wp\/v2\/posts"}],"about":[{"href":"https:\/\/knapp-service.de\/en\/wp-json\/wp\/v2\/types\/post"}],"author":[{"embeddable":true,"href":"https:\/\/knapp-service.de\/en\/wp-json\/wp\/v2\/users\/1"}],"replies":[{"embeddable":true,"href":"https:\/\/knapp-service.de\/en\/wp-json\/wp\/v2\/comments?post=2632"}],"version-history":[{"count":6,"href":"https:\/\/knapp-service.de\/en\/wp-json\/wp\/v2\/posts\/2632\/revisions"}],"predecessor-version":[{"id":2639,"href":"https:\/\/knapp-service.de\/en\/wp-json\/wp\/v2\/posts\/2632\/revisions\/2639"}],"wp:featuredmedia":[{"embeddable":true,"href":"https:\/\/knapp-service.de\/en\/wp-json\/wp\/v2\/media\/2633"}],"wp:attachment":[{"href":"https:\/\/knapp-service.de\/en\/wp-json\/wp\/v2\/media?parent=2632"}],"wp:term":[{"taxonomy":"category","embeddable":true,"href":"https:\/\/knapp-service.de\/en\/wp-json\/wp\/v2\/categories?post=2632"},{"taxonomy":"post_tag","embeddable":true,"href":"https:\/\/knapp-service.de\/en\/wp-json\/wp\/v2\/tags?post=2632"}],"curies":[{"name":"wp","href":"https:\/\/api.w.org\/{rel}","templated":true}]}}